{"id":3917,"date":"2025-03-01T16:16:24","date_gmt":"2025-03-01T14:16:24","guid":{"rendered":"https:\/\/www.mirita.fi\/?p=3917"},"modified":"2025-03-01T17:26:51","modified_gmt":"2025-03-01T15:26:51","slug":"nama-tulokset-on-tehty-kaupunginvaltuutettuna-tyo-jatkuu-kuntavaaleissa-2025","status":"publish","type":"post","link":"https:\/\/www.mirita.fi\/index.php\/2025\/03\/01\/nama-tulokset-on-tehty-kaupunginvaltuutettuna-tyo-jatkuu-kuntavaaleissa-2025\/","title":{"rendered":"N\u00e4m\u00e4 tulokset on tehty kaupunginvaltuutettuna \u2014 ty\u00f6 jatkuu kuntavaaleissa 2025"},"content":{"rendered":"\n<p>Paljon hyv\u00e4\u00e4 on saatu aikaan kaupunginvaltuustossa ja kasvatus- ja koulutuslautakunnassa kuluneen kymmenen vuoden aikana. Mutta paljon on viel\u00e4 kesken. Olen j\u00e4lleen ehdolla kuntavaaleissa, koska haluan jatkaa ty\u00f6t\u00e4 helsinkil\u00e4isten hyv\u00e4ksi. Ennakko\u00e4\u00e4nestys on 2.-8.4. ja vaalip\u00e4iv\u00e4 13. huhtikuuta 2025.<\/p>\n\n\n\n<h2>Vaikuttaminen on paljon muuta, kuin pelkk\u00e4 valtuustoaloite<\/h2>\n\n\n\n<p>Kannan vastuun jokaisesta p\u00e4\u00e4t\u00f6ksest\u00e4, jonka teen. Kokeneena kaupunginvaltuutettuna ja kasvatus- ja koulutuslautakunnan j\u00e4senen\u00e4 tied\u00e4n miten yhteisiin asioihin oikeasti vaikutetaan. Vaikuttaminen on paljon muuta, kuin pelkk\u00e4 valtuustoaloite. Se on keskustelua kaupunkilaisten kanssa ja p\u00e4\u00e4tt\u00e4jien v\u00e4list\u00e4 yhteisty\u00f6t\u00e4 yli puoluerajojen.<\/p>\n\n\n\n<p>Politiikassa on my\u00f6s osattava priorisoida. Minulle t\u00e4rkeint\u00e4 on <strong>lasten ja nuorten hyvinvointi, yritt\u00e4jyyden ja elinvoiman edist\u00e4minen, toimiva autoliikenne sek\u00e4 l\u00e4hiluonto ja l\u00e4hipalvelut \u2014 kuten terveydenhoito, p\u00e4iv\u00e4kodit ja koulut<\/strong>. P\u00e4\u00e4t\u00f6ksenteon on oltava vastuullista, reilua ja j\u00e4rkev\u00e4\u00e4. Sellaista, joka n\u00e4kyy helsinkil\u00e4isten el\u00e4m\u00e4ss\u00e4 sujuvana arkena ja liikkumisena sek\u00e4 kest\u00e4v\u00e4n\u00e4 kaupunkikehityksen\u00e4.<\/p>\n\n\n\n<h2>Lasten hyvinvointi etusijalla<\/h2>\n\n\n\n<p>Helsingin pit\u00e4\u00e4 olla paras paikka kasvaa, oppia ja innostua. Olen tehnyt m\u00e4\u00e4r\u00e4tietoisesti t\u00f6it\u00e4 p\u00e4iv\u00e4kotien ja koulujen puolesta. Kasvatus- ja koulutuslautakunnassa olemme nostaneet rahoitusta 30 % nelj\u00e4n vuoden aikana, kun olen ollut siell\u00e4 vaikuttamassa. Olen mm. <a href=\"https:\/\/www.mirita.fi\/index.php\/2024\/09\/25\/painotettua-opetusta-lisataan-helsingissa\/\">ajanut painotetun opetuksen laajentamista l\u00e4hikouluihin<\/a>, jotta ehk\u00e4ist\u00e4\u00e4n eriarvoistumista ja jokainen lapsi p\u00e4\u00e4see kehitt\u00e4m\u00e4\u00e4n lahjojaan l\u00e4hell\u00e4 kotia. Olen <a href=\"https:\/\/www.mirita.fi\/index.php\/2018\/03\/21\/tehokas-koulukiusaamisen-ehkaisy-saastaisi-miljardeja\/\">kampanjoinut aktiivisesti kiusaamisv\u00e4kivaltaa vastaan<\/a>, <a href=\"https:\/\/www.mirita.fi\/index.php\/2025\/02\/02\/leikkipuistoja-ei-saa-lakkauttaa-toimivia-lahipalveluja-lapsiperheille\/\">pelastanut leikkipuistoja<\/a> ja ollut mukana edist\u00e4m\u00e4ss\u00e4 Helsingin yhteisty\u00f6t\u00e4 <a href=\"https:\/\/asemanlapset.fi\/\" target=\"_blank\" rel=\"noreferrer noopener\">Aseman Lapset ry<\/a>:n kanssa.<\/p>\n\n\n\n<p>Olemme vanhempien ja opettajien kanssa yhdess\u00e4 onnistuneet luomaan turvallisempia oppimisymp\u00e4rist\u00f6j\u00e4 lapsillemme. Helsingiss\u00e4 on my\u00f6s <a href=\"https:\/\/www.mirita.fi\/index.php\/2020\/06\/17\/lastenvalvojan-toiminnan-kehittaminen-vahentaisi-huoltajuusriitoja-karajilta\/\">kehitetty lastenvalvojien osaamista<\/a> ja ty\u00f6t\u00e4 aloitteeni pohjalta, sek\u00e4 etsitty mahdollisuutta koulukyyteihin <a href=\"https:\/\/www.mirita.fi\/index.php\/2019\/03\/23\/perhepolitiikka-ei-saa-syrjia-kahden-kodin-lapsia-ja-eronneita-vanhempia\/\">kahdessa kodissa asuvien lasten<\/a> molemmista kodeista k\u00e4sin. Lis\u00e4ksi t\u00e4rke\u00e4\u00e4 olisi, ett\u00e4 koululaiset saisivat matkakortin, jos et\u00e4vanhempi asuu kauempana.<\/p>\n\n\n\n<h2>Tekoja elinkeinoel\u00e4m\u00e4n ja ty\u00f6llisyyden puolesta<\/h2>\n\n\n\n<p>Olen yritt\u00e4j\u00e4 vuodesta 2006 ja tied\u00e4n, ett\u00e4 toimivat palvelut ja kannustava asenne ovat avainasemassa, kun kaupunki haluaa houkutella osaajia ja investointeja. Yritysten toimintaedellytyksi\u00e4 on kehitett\u00e4v\u00e4. Helsingin teht\u00e4v\u00e4 on mahdollistaa, ei hankaloittaa. Pallottelu luukulta toiselle ei palvele ket\u00e4\u00e4n. Olen <a href=\"https:\/\/www.mirita.fi\/index.php\/2024\/10\/10\/lisaa-yritysta-ja-elinkeinoelamaa-helsinkiin\/\">esitt\u00e4nyt Helsingin ja elinkeinoel\u00e4m\u00e4n tiiviimp\u00e4\u00e4 yhteisty\u00f6t\u00e4, jotta yritt\u00e4jien on helpompi osallistua julkisiin hankintoihin ja l\u00f6yt\u00e4\u00e4 ty\u00f6voimaa<\/a>. Yksityisten yritt\u00e4jien palvelutuotannon edellytyksi\u00e4 on kasvattanut mm. aloitteeni <a href=\"https:\/\/www.mirita.fi\/index.php\/2020\/03\/11\/lisataan-rahaa-yksityiseen-paivahoitoon-lastenhoitajille-julkisen-liikenteen-lippuetu\/\">yksityisen hoidon tuen kuntalis\u00e4n korottamisesta<\/a> ja sote-alan <a href=\"https:\/\/www.mirita.fi\/index.php\/2022\/11\/23\/helsinki-tarkistaa-vihdoin-sote-palvelujen-palvelusetelien-arvoja\/\">palvelusetelien arvon nostamisesta<\/a>. Haluan, ett\u00e4 Helsingiss\u00e4 on entist\u00e4 paremmat edellytykset tehd\u00e4 ty\u00f6t\u00e4 ja kasvattaa yrityksi\u00e4 kaikilla toimialoilla.<\/p>\n\n\n\n<h2>Liikenne sujuvammaksi \u2013 my\u00f6s autot kuuluvat Helsinkiin<\/h2>\n\n\n\n<p>Liikkuminen Helsingiss\u00e4 ei saa olla jatkuvaa taistelua. Nykyinen politiikka korvaa autotiet ylimitoitetuilla baanoilla ja kiskoilla. Olen tehnyt aloitteet mm. <a href=\"https:\/\/www.mirita.fi\/index.php\/2023\/11\/01\/helsinki-haluaa-monipuolistaa-sahkoautojen-latauspalvelutarjoajien-valintaa\/\">s\u00e4hk\u00f6autojen latauksen<\/a> helpottamiseksi, lyhytaikaisten <a href=\"https:\/\/www.mirita.fi\/index.php\/valtuutettu-ledamot\/\">pys\u00e4k\u00f6intipaikkojen lis\u00e4\u00e4misest\u00e4 keskustaan<\/a> \u2014 jotta asiointi sujuisi helpommin ja yritykset saisivat lis\u00e4\u00e4 asiakkaita \u2014 sek\u00e4 <a href=\"https:\/\/www.mirita.fi\/index.php\/valtuutettu-ledamot\/\">liikenneturvallisuuden parantamisesta L\u00f6nnrotinkadulla<\/a>. Lis\u00e4ksi aloitteestani on k\u00e4ynnistetty <a href=\"https:\/\/www.hs.fi\/pkseutu\/art-2000008399430.html\">lauttaliikenne Kruunuvuorenrannasta keskustaan<\/a>, mik\u00e4 tarjoaa nopean, ruuhkia v\u00e4hent\u00e4v\u00e4n ja ymp\u00e4rist\u00f6yst\u00e4v\u00e4llisen yhteyden koko Laajasalon ja l\u00e4hialueen asukkaille.<\/p>\n\n\n\n<h2>L\u00e4hiluonto ja j\u00e4rkev\u00e4 kaavoitus k\u00e4si k\u00e4dess\u00e4<\/h2>\n\n\n\n<p>Helsinkil\u00e4inen vihre\u00e4 ideologia on kaukana luontoarvoista. Rakentaminen on t\u00e4rke\u00e4\u00e4, mutta arvokkaat mets\u00e4t ja luontoalueet on s\u00e4ilytett\u00e4v\u00e4. Se ei voi en\u00e4\u00e4 olla kaupunkisuunnittelun l\u00e4ht\u00f6kohta. Aloitteeni Laajasalon&nbsp;<a href=\"https:\/\/www.mirita.fi\/index.php\/2021\/09\/22\/stansvikin-kalliometsa-suojeltava-rakentamiselta\/\">Stansvikinkallion mets\u00e4n s\u00e4ilytt\u00e4misest\u00e4<\/a> johti jo p\u00e4\u00e4tetyn kaavan uudelleenarviointiin ja innosti muitakin valtuustokollegoita vallankumouksellisten aloitteiden tekemiseen l\u00e4hiluonnon puolesta. My\u00f6s siisteys ja kierr\u00e4tys on kaupungin asia &#8211; olen ollut aloitteellinen kaupungin <a href=\"https:\/\/www.mirita.fi\/index.php\/2023\/04\/26\/helsinkiin-lisaa-julkisia-roskiksia-jotka-sopivat-jatteiden-lajitteluun\/\">julkisten roska-astioiden sijoittelussa ja uudistamisessa j\u00e4tteiden lajittelua<\/a> varten. Kaupunkia on kehitett\u00e4v\u00e4 vastuullisesti!<\/p>\n\n\n\n<h2>Nopea terveydenhoitoon p\u00e4\u00e4sy kuuluu kaikille<\/h2>\n\n\n\n<p>On eriarvoistavaa, ett\u00e4 toiset ajetaan yksityiselle ilman palveluseteli\u00e4 ja toiset hoidetaan terveyskeskuksessa. Jokaisella helsinkil\u00e4isell\u00e4 pit\u00e4\u00e4 olla oikeus sujuviin terveyspalveluihin. Liian pitk\u00e4t jonot ja vaikea hoitoon p\u00e4\u00e4sy eiv\u00e4t saa olla uusi normaali. Olen tehnyt aloitteen <a href=\"https:\/\/www.mirita.fi\/index.php\/2023\/05\/24\/helsingin-on-perustettava-mielenterveyden-ensiapu-nuorille\/\">nuorten mielenterveyspalveluiden parantamiseksi<\/a>, sill\u00e4 apua on saatava ajoissa ja matalalla kynnyksell\u00e4. Yksityisten palveluntuottajien <a href=\"https:\/\/www.hel.fi\/static\/public\/apk\/saxbemir2\/F1082674-BFE7-4A19-B387-E78C31B29A4D\/Liite.pdf\">Sote-paveluiden palvelusetelien arvoa on tarkistettu aloitteeni johdosta<\/a>, jotta kaupunki voi tarjota parempaa terveydenhoitoa yksityisten terveysasemien avulla. <a href=\"https:\/\/www.mirita.fi\/index.php\/2018\/05\/23\/huumeiden-testauspalvelu-on-tehokasta-paihdetyota\/\">Ennaltaehk\u00e4isev\u00e4ksi p\u00e4ihdety\u00f6ksi olen esitt\u00e4nyt huumeiden tunnistuspalvelua Helsinkiin<\/a>.<\/p>\n\n\n\n<h2>Kiitos tuestasi \u2013 jatketaan yhdess\u00e4 \ud83d\udc99 <\/h2>\n\n\n\n<p>Haluan jatkaa t\u00e4t\u00e4 ty\u00f6t\u00e4 helsinkil\u00e4isten luottamushenkil\u00f6n\u00e4 ja kaupunginvaltuutettuna. P\u00e4\u00e4t\u00f6ksenteon pit\u00e4\u00e4 olla ratkaisukeskeist\u00e4 ja vastuullista, ei ideologisten ristiriitojen pelikentt\u00e4. Parempi Helsinki tehd\u00e4\u00e4n yhdess\u00e4!<\/p>\n\n\n\n<p>Katso tekem\u00e4ni <a href=\"https:\/\/www.mirita.fi\/index.php\/valtuutettu-ledamot\/\">aloitteet t\u00e4st\u00e4<\/a>. Voit tukea vaalikampanjaani <a href=\"https:\/\/donation.securycast.com\/kokoomus-aluevaalit?aid=A1017\">t\u00e4\u00e4ll\u00e4<\/a>. Lue kuntavaalien k\u00e4rkiteemat <a href=\"https:\/\/www.mirita.fi\/index.php\/poliitikko\/\">t\u00e4\u00e4lt\u00e4<\/a>.<\/p>\n","protected":false},"excerpt":{"rendered":"<p>Paljon hyv\u00e4\u00e4 on saatu aikaan kaupunginvaltuustossa ja kasvatus- ja koulutuslautakunnassa kuluneen kymmenen vuoden aikana. Mutta paljon on viel\u00e4 kesken. Olen j\u00e4lleen ehdolla kuntavaaleissa, koska haluan jatkaa ty\u00f6t\u00e4 helsinkil\u00e4isten hyv\u00e4ksi. Ennakko\u00e4\u00e4nestys on 2.-8.4. ja vaalip\u00e4iv\u00e4 13. huhtikuuta 2025<\/p>\n","protected":false},"author":1,"featured_media":3950,"comment_status":"closed","ping_status":"open","sticky":false,"template":"","format":"standard","meta":{"advgb_blocks_editor_width":"","advgb_blocks_columns_visual_guide":"","_mi_skip_tracking":false},"categories":[1],"tags":[129,215,71,6,40,130,149,60,59,85,10,95,160,73,117,13,22,21],"author_meta":{"display_name":"Mirita Saxberg","author_link":"https:\/\/www.mirita.fi\/index.php\/author\/mirita\/"},"featured_img":"https:\/\/www.mirita.fi\/wp-content\/uploads\/2025\/03\/Kaupunginvaltuutettu-Mirita-Saxberg-kuntavaaliehdokkaat-2025-Helsinki-Kokoomus-300x169.png","coauthors":[],"tax_additional":{"categories":{"linked":["<a href=\"https:\/\/www.mirita.fi\/index.php\/category\/yleinen\/\" class=\"advgb-post-tax-term\">Yleinen<\/a>"],"unlinked":["<span class=\"advgb-post-tax-term\">Yleinen<\/span>"]},"tags":{"linked":["<a href=\"https:\/\/www.mirita.fi\/index.php\/category\/yleinen\/\" class=\"advgb-post-tax-term\">autoilu<\/a>","<a href=\"https:\/\/www.mirita.fi\/index.php\/category\/yleinen\/\" class=\"advgb-post-tax-term\">elinkeinoel\u00e4m\u00e4<\/a>","<a href=\"https:\/\/www.mirita.fi\/index.php\/category\/yleinen\/\" class=\"advgb-post-tax-term\">Helsinki<\/a>","<a href=\"https:\/\/www.mirita.fi\/index.php\/category\/yleinen\/\" class=\"advgb-post-tax-term\">koulutus<\/a>","<a href=\"https:\/\/www.mirita.fi\/index.php\/category\/yleinen\/\" class=\"advgb-post-tax-term\">lapset<\/a>","<a href=\"https:\/\/www.mirita.fi\/index.php\/category\/yleinen\/\" class=\"advgb-post-tax-term\">liikenne<\/a>","<a href=\"https:\/\/www.mirita.fi\/index.php\/category\/yleinen\/\" class=\"advgb-post-tax-term\">luonto<\/a>","<a href=\"https:\/\/www.mirita.fi\/index.php\/category\/yleinen\/\" class=\"advgb-post-tax-term\">nuoret<\/a>","<a href=\"https:\/\/www.mirita.fi\/index.php\/category\/yleinen\/\" class=\"advgb-post-tax-term\">opetus<\/a>","<a href=\"https:\/\/www.mirita.fi\/index.php\/category\/yleinen\/\" class=\"advgb-post-tax-term\">politiikka<\/a>","<a href=\"https:\/\/www.mirita.fi\/index.php\/category\/yleinen\/\" class=\"advgb-post-tax-term\">rakentaminen<\/a>","<a href=\"https:\/\/www.mirita.fi\/index.php\/category\/yleinen\/\" class=\"advgb-post-tax-term\">sosiaalipalvelut<\/a>","<a href=\"https:\/\/www.mirita.fi\/index.php\/category\/yleinen\/\" class=\"advgb-post-tax-term\">terveydenhoito<\/a>","<a href=\"https:\/\/www.mirita.fi\/index.php\/category\/yleinen\/\" class=\"advgb-post-tax-term\">ty\u00f6llisyys<\/a>","<a href=\"https:\/\/www.mirita.fi\/index.php\/category\/yleinen\/\" class=\"advgb-post-tax-term\">varhaiskasvatus<\/a>","<a href=\"https:\/\/www.mirita.fi\/index.php\/category\/yleinen\/\" class=\"advgb-post-tax-term\">verotus<\/a>","<a href=\"https:\/\/www.mirita.fi\/index.php\/category\/yleinen\/\" class=\"advgb-post-tax-term\">yritt\u00e4j\u00e4t<\/a>","<a href=\"https:\/\/www.mirita.fi\/index.php\/category\/yleinen\/\" class=\"advgb-post-tax-term\">yritt\u00e4minen<\/a>"],"unlinked":["<span class=\"advgb-post-tax-term\">autoilu<\/span>","<span class=\"advgb-post-tax-term\">elinkeinoel\u00e4m\u00e4<\/span>","<span class=\"advgb-post-tax-term\">Helsinki<\/span>","<span class=\"advgb-post-tax-term\">koulutus<\/span>","<span class=\"advgb-post-tax-term\">lapset<\/span>","<span class=\"advgb-post-tax-term\">liikenne<\/span>","<span class=\"advgb-post-tax-term\">luonto<\/span>","<span class=\"advgb-post-tax-term\">nuoret<\/span>","<span class=\"advgb-post-tax-term\">opetus<\/span>","<span class=\"advgb-post-tax-term\">politiikka<\/span>","<span class=\"advgb-post-tax-term\">rakentaminen<\/span>","<span class=\"advgb-post-tax-term\">sosiaalipalvelut<\/span>","<span class=\"advgb-post-tax-term\">terveydenhoito<\/span>","<span class=\"advgb-post-tax-term\">ty\u00f6llisyys<\/span>","<span class=\"advgb-post-tax-term\">varhaiskasvatus<\/span>","<span class=\"advgb-post-tax-term\">verotus<\/span>","<span class=\"advgb-post-tax-term\">yritt\u00e4j\u00e4t<\/span>","<span class=\"advgb-post-tax-term\">yritt\u00e4minen<\/span>"]}},"comment_count":"0","relative_dates":{"created":"Posted 1 vuosi ago","modified":"Updated 1 vuosi ago"},"absolute_dates":{"created":"Posted on 1.3.2025","modified":"Updated on 1.3.2025"},"absolute_dates_time":{"created":"Posted on 1.3.2025 16:16","modified":"Updated on 1.3.2025 17:26"},"featured_img_caption":"","series_order":"","_links":{"self":[{"href":"https:\/\/www.mirita.fi\/index.php\/wp-json\/wp\/v2\/posts\/3917"}],"collection":[{"href":"https:\/\/www.mirita.fi\/index.php\/wp-json\/wp\/v2\/posts"}],"about":[{"href":"https:\/\/www.mirita.fi\/index.php\/wp-json\/wp\/v2\/types\/post"}],"author":[{"embeddable":true,"href":"https:\/\/www.mirita.fi\/index.php\/wp-json\/wp\/v2\/users\/1"}],"replies":[{"embeddable":true,"href":"https:\/\/www.mirita.fi\/index.php\/wp-json\/wp\/v2\/comments?post=3917"}],"version-history":[{"count":7,"href":"https:\/\/www.mirita.fi\/index.php\/wp-json\/wp\/v2\/posts\/3917\/revisions"}],"predecessor-version":[{"id":3955,"href":"https:\/\/www.mirita.fi\/index.php\/wp-json\/wp\/v2\/posts\/3917\/revisions\/3955"}],"wp:featuredmedia":[{"embeddable":true,"href":"https:\/\/www.mirita.fi\/index.php\/wp-json\/wp\/v2\/media\/3950"}],"wp:attachment":[{"href":"https:\/\/www.mirita.fi\/index.php\/wp-json\/wp\/v2\/media?parent=3917"}],"wp:term":[{"taxonomy":"category","embeddable":true,"href":"https:\/\/www.mirita.fi\/index.php\/wp-json\/wp\/v2\/categories?post=3917"},{"taxonomy":"post_tag","embeddable":true,"href":"https:\/\/www.mirita.fi\/index.php\/wp-json\/wp\/v2\/tags?post=3917"}],"curies":[{"name":"wp","href":"https:\/\/api.w.org\/{rel}","templated":true}]}}