{"id":3992,"date":"2025-03-07T22:10:01","date_gmt":"2025-03-07T20:10:01","guid":{"rendered":"https:\/\/www.mirita.fi\/?p=3992"},"modified":"2025-03-07T22:10:02","modified_gmt":"2025-03-07T20:10:02","slug":"rosta-i-kommunalvalet-2025-jag-ar-samlingspartiets-kandidat-i-helsingfors","status":"publish","type":"post","link":"https:\/\/www.mirita.fi\/index.php\/2025\/03\/07\/rosta-i-kommunalvalet-2025-jag-ar-samlingspartiets-kandidat-i-helsingfors\/","title":{"rendered":"R\u00f6sta i kommunalvalet 2025 \u2013 jag \u00e4r Samlingspartiets kandidat i Helsingfors"},"content":{"rendered":"\n<h3>Jag tar ansvar f\u00f6r varje beslut jag fattar<\/h3>\n\n\n\n<p>N\u00e4r du r\u00f6star p\u00e5 mig, r\u00f6star du f\u00f6r ansvarsfullt beslutsfattande. Jag \u00e4r stadsfullm\u00e4ktigeledamot f\u00f6r Samlingspartiet och medlem i fostrans- och utbildningsn\u00e4mnden, med tio \u00e5rs erfarenhet och \u00f6ver 5000 v\u00e4ljares f\u00f6rtroende.<\/p>\n\n\n\n<h3>Resultat i stadsfullm\u00e4ktige har redan n\u00e5tts \u2013 och arbetet forts\u00e4tter<\/h3>\n\n\n\n<p>F\u00f6r mig \u00e4r politik inte bara prat, utan insatser. L\u00e4s min <a href=\"https:\/\/www.mirita.fi\/index.php\/2025\/03\/01\/nama-tulokset-on-tehty-kaupunginvaltuutettuna-tyo-jatkuu-kuntavaaleissa-2025\/\">blogg om hur din r\u00f6st redan har p\u00e5verkat<\/a> Helsingfors (p\u00e5 finska). Arbetet f\u00f6r ett b\u00e4ttre Helsingfors forts\u00e4tter &#8211; f\u00f6r v\u00e5ra barns framtid.<strong> Din r\u00f6st \u00e4r viktig i kommunalvalet 2025. F\u00f6rhandsr\u00f6stning sker 2\u20138.4. och valdagen \u00e4r 13 april 2025.<\/strong><\/p>\n\n\n\n<p>Teman som \u00e4r viktiga f\u00f6r mig i kommunalvalet \u00e4r:<\/p>\n\n\n\n<h2>1 Kvalitet i daghem och skolor \u2013 n\u00e4ra och tillg\u00e4ngligt<\/h2>\n\n\n\n<div class=\"wp-block-cover is-light\"><span aria-hidden=\"true\" class=\"wp-block-cover__background has-background-dim-30 has-background-dim\"><\/span><img decoding=\"async\" loading=\"lazy\" width=\"1024\" height=\"577\" class=\"wp-block-cover__image-background wp-image-2887\" alt=\"\u00c4iti ja kaksi lasta, joista toinen on taapero ja toinen koululainen\" src=\"https:\/\/www.mirita.fi\/wp-content\/uploads\/2023\/02\/Mirita-Saxberg-kokoomus-Helsoinki-eduskuntavaalit-2023-ehdokas-1024x577.jpg\" data-object-fit=\"cover\" srcset=\"https:\/\/www.mirita.fi\/wp-content\/uploads\/2023\/02\/Mirita-Saxberg-kokoomus-Helsoinki-eduskuntavaalit-2023-ehdokas-1024x577.jpg 1024w, https:\/\/www.mirita.fi\/wp-content\/uploads\/2023\/02\/Mirita-Saxberg-kokoomus-Helsoinki-eduskuntavaalit-2023-ehdokas-300x169.jpg 300w, https:\/\/www.mirita.fi\/wp-content\/uploads\/2023\/02\/Mirita-Saxberg-kokoomus-Helsoinki-eduskuntavaalit-2023-ehdokas-768x433.jpg 768w, https:\/\/www.mirita.fi\/wp-content\/uploads\/2023\/02\/Mirita-Saxberg-kokoomus-Helsoinki-eduskuntavaalit-2023-ehdokas-1536x865.jpg 1536w, https:\/\/www.mirita.fi\/wp-content\/uploads\/2023\/02\/Mirita-Saxberg-kokoomus-Helsoinki-eduskuntavaalit-2023-ehdokas-1000x563.jpg 1000w, https:\/\/www.mirita.fi\/wp-content\/uploads\/2023\/02\/Mirita-Saxberg-kokoomus-Helsoinki-eduskuntavaalit-2023-ehdokas-230x130.jpg 230w, https:\/\/www.mirita.fi\/wp-content\/uploads\/2023\/02\/Mirita-Saxberg-kokoomus-Helsoinki-eduskuntavaalit-2023-ehdokas-350x197.jpg 350w, https:\/\/www.mirita.fi\/wp-content\/uploads\/2023\/02\/Mirita-Saxberg-kokoomus-Helsoinki-eduskuntavaalit-2023-ehdokas-480x270.jpg 480w, https:\/\/www.mirita.fi\/wp-content\/uploads\/2023\/02\/Mirita-Saxberg-kokoomus-Helsoinki-eduskuntavaalit-2023-ehdokas.jpg 1640w\" sizes=\"(max-width: 1024px) 100vw, 1024px\" \/><div class=\"wp-block-cover__inner-container\">\n<p class=\"has-text-align-center has-white-color has-text-color has-large-font-size\">DAGHEM OCH SKOLOR<\/p>\n<\/div><\/div>\n\n\n\n<blockquote class=\"wp-block-quote\">\n<p><em>&#8221;Vi tryggar barnens framtid&#8221;<\/em><\/p>\n<\/blockquote>\n\n\n\n<p>Jag arbetar l\u00e5ngsiktigt i fostrans- och utbildningsn\u00e4mnden f\u00f6r att varje skola och daghem i Helsingfors ska vara lika bra \u2013 fr\u00e5n grundskola till gymnasium och yrkesutbildning. F\u00f6r\u00e4ldrar och l\u00e4rare m\u00e5ste bli h\u00f6rda f\u00f6r att skolorna ska fungera och f\u00f6r att skapa en trygg inl\u00e4rningsmilj\u00f6. Jag tar ocks\u00e5 h\u00e4nsyn till behoven hos barn som bor i tv\u00e5 hem och ensamst\u00e5ende f\u00f6r\u00e4ldrar.<\/p>\n\n\n\n<ul>\n<li><strong>Fler vuxna i skolor och daghem.<\/strong> Varje barn f\u00f6rtj\u00e4nar trygghet och tid att bli lyssnad p\u00e5.<\/li>\n\n\n\n<li><strong>Valfrihet i barnomsorgen.<\/strong> F\u00f6r\u00e4ldrar ska ha r\u00e4tt att v\u00e4lja mellan kommunala och privata daghem eller familjedagv\u00e5rd.<\/li>\n\n\n\n<li><strong>St\u00e4rkta resurser i skolan.<\/strong> Utmaningar med segregation och inkludering kr\u00e4ver mer n\u00e4rvaro och specialundervisning. Mobbning och v\u00e5ld m\u00e5ste f\u00f6rebyggas.<\/li>\n\n\n\n<li><strong>Fler studieplatser och b\u00e4ttre m\u00f6jligheter till vidareutbildning.<\/strong> Helsingfors beh\u00f6ver fler v\u00e4gar till h\u00f6gre utbildning. Forskning och utveckling sker i v\u00e5ra skolor och universitet.<\/li>\n<\/ul>\n\n\n\n<h2>2 Ett livskraftigt Helsingfors d\u00e4r arbete och f\u00f6retagande l\u00f6nar sig<\/h2>\n\n\n\n<div class=\"wp-block-cover\"><span aria-hidden=\"true\" class=\"wp-block-cover__background has-background-dim-30 has-background-dim\"><\/span><img decoding=\"async\" loading=\"lazy\" width=\"2560\" height=\"1671\" class=\"wp-block-cover__image-background wp-image-2943\" alt=\"Mirita Saxberg -tehd\u00e4\u00e4n ty\u00f6sta ja yritt\u00e4misest\u00e4 kannattavaa - On arvokasta parantaa yritt\u00e4jien mahdollisuuksia el\u00e4tt\u00e4\u00e4 itsens\u00e4 ja ty\u00f6llist\u00e4\u00e4 muita\" src=\"https:\/\/www.mirita.fi\/wp-content\/uploads\/2023\/02\/Mirita-Saxberg-tehdaan-tyosta-ja-yrittamisesta-kannattavaa-On-arvokasta-parantaa-yrittajien-mahdollisuuksia-elattaa-itsensa-ja-tyollistaa-muita-scaled.jpg\" data-object-fit=\"cover\" srcset=\"https:\/\/www.mirita.fi\/wp-content\/uploads\/2023\/02\/Mirita-Saxberg-tehdaan-tyosta-ja-yrittamisesta-kannattavaa-On-arvokasta-parantaa-yrittajien-mahdollisuuksia-elattaa-itsensa-ja-tyollistaa-muita-scaled.jpg 2560w, https:\/\/www.mirita.fi\/wp-content\/uploads\/2023\/02\/Mirita-Saxberg-tehdaan-tyosta-ja-yrittamisesta-kannattavaa-On-arvokasta-parantaa-yrittajien-mahdollisuuksia-elattaa-itsensa-ja-tyollistaa-muita-300x196.jpg 300w, https:\/\/www.mirita.fi\/wp-content\/uploads\/2023\/02\/Mirita-Saxberg-tehdaan-tyosta-ja-yrittamisesta-kannattavaa-On-arvokasta-parantaa-yrittajien-mahdollisuuksia-elattaa-itsensa-ja-tyollistaa-muita-1024x668.jpg 1024w, https:\/\/www.mirita.fi\/wp-content\/uploads\/2023\/02\/Mirita-Saxberg-tehdaan-tyosta-ja-yrittamisesta-kannattavaa-On-arvokasta-parantaa-yrittajien-mahdollisuuksia-elattaa-itsensa-ja-tyollistaa-muita-768x501.jpg 768w, https:\/\/www.mirita.fi\/wp-content\/uploads\/2023\/02\/Mirita-Saxberg-tehdaan-tyosta-ja-yrittamisesta-kannattavaa-On-arvokasta-parantaa-yrittajien-mahdollisuuksia-elattaa-itsensa-ja-tyollistaa-muita-1536x1002.jpg 1536w, https:\/\/www.mirita.fi\/wp-content\/uploads\/2023\/02\/Mirita-Saxberg-tehdaan-tyosta-ja-yrittamisesta-kannattavaa-On-arvokasta-parantaa-yrittajien-mahdollisuuksia-elattaa-itsensa-ja-tyollistaa-muita-2048x1337.jpg 2048w, https:\/\/www.mirita.fi\/wp-content\/uploads\/2023\/02\/Mirita-Saxberg-tehdaan-tyosta-ja-yrittamisesta-kannattavaa-On-arvokasta-parantaa-yrittajien-mahdollisuuksia-elattaa-itsensa-ja-tyollistaa-muita-1000x653.jpg 1000w, https:\/\/www.mirita.fi\/wp-content\/uploads\/2023\/02\/Mirita-Saxberg-tehdaan-tyosta-ja-yrittamisesta-kannattavaa-On-arvokasta-parantaa-yrittajien-mahdollisuuksia-elattaa-itsensa-ja-tyollistaa-muita-230x150.jpg 230w, https:\/\/www.mirita.fi\/wp-content\/uploads\/2023\/02\/Mirita-Saxberg-tehdaan-tyosta-ja-yrittamisesta-kannattavaa-On-arvokasta-parantaa-yrittajien-mahdollisuuksia-elattaa-itsensa-ja-tyollistaa-muita-350x228.jpg 350w, https:\/\/www.mirita.fi\/wp-content\/uploads\/2023\/02\/Mirita-Saxberg-tehdaan-tyosta-ja-yrittamisesta-kannattavaa-On-arvokasta-parantaa-yrittajien-mahdollisuuksia-elattaa-itsensa-ja-tyollistaa-muita-480x313.jpg 480w\" sizes=\"(max-width: 2560px) 100vw, 2560px\" \/><div class=\"wp-block-cover__inner-container\">\n<p class=\"has-text-align-center has-white-color has-text-color has-large-font-size\">ARBETE OCH F\u00d6RETAGANDE<\/p>\n<\/div><\/div>\n\n\n\n<blockquote class=\"wp-block-quote\">\n<p><em>&#8221;Ett starkt n\u00e4ringsliv \u00e4r grunden f\u00f6r h\u00e5llbar tillv\u00e4xt&#8221;<\/em><\/p>\n<\/blockquote>\n\n\n\n<p>Som f\u00f6retagare vet jag att det \u00e4r f\u00f6retagen som skapar v\u00e4lf\u00e4rd. Majoriteten av nya jobb skapas i sm\u00e5 och medelstora f\u00f6retag. N\u00e4r det l\u00f6nar sig att arbeta och driva f\u00f6retag kan vi ocks\u00e5 ta hand om dem som beh\u00f6ver st\u00f6d. En levande stadsekonomi bygger p\u00e5 tj\u00e4nster producerade av f\u00f6retag i olika storlekar. En sund konkurrens f\u00f6rb\u00e4ttrar utbudet, h\u00f6jer kvaliteten och s\u00e4nker priserna.<\/p>\n\n\n\n<ul>\n<li><strong>L\u00e5t privata akt\u00f6rer bidra mer till de offentliga tj\u00e4nsterna. <\/strong>Upphandlingskriterierna m\u00e5ste \u00e4ndras s\u00e5 att fler f\u00f6retag kan delta i anbudsf\u00f6rfaranden.<\/li>\n\n\n\n<li><strong>S\u00e4nk kommunalskatten \u2013 mer pengar i handen. <\/strong>Flit ska bel\u00f6nas. Starkare k\u00f6pkraft st\u00e4rker ocks\u00e5 Helsingfors ekonomi.<\/li>\n\n\n\n<li><strong>Staden m\u00e5ste bli en m\u00f6jligg\u00f6rare f\u00f6r f\u00f6retag. <\/strong>N\u00e4rings- och trafikpolitiken m\u00e5ste bli mer f\u00f6retagarv\u00e4nlig. Vi m\u00e5ste stoppa on\u00f6dig byr\u00e5krati och f\u00f6rkorta tillst\u00e5ndsprocesserna.<\/li>\n\n\n\n<li><strong>Underl\u00e4tta anst\u00e4llningar. <\/strong>Vi m\u00e5ste identifiera problemen med arbetsmarknadens kompetensmatchning och hitta nya l\u00f6sningar f\u00f6r att fler helsingforsare ska f\u00e5 arbete.<\/li>\n<\/ul>\n\n\n\n<h2>3 N\u00e4rnatur, fungerande trafik och snabb tillg\u00e5ng till h\u00e4lsov\u00e5rd<\/h2>\n\n\n\n<div class=\"wp-block-cover\"><span aria-hidden=\"true\" class=\"wp-block-cover__background has-background-dim-30 has-background-dim\"><\/span><img decoding=\"async\" loading=\"lazy\" width=\"566\" height=\"300\" class=\"wp-block-cover__image-background wp-image-3821\" alt=\"\" src=\"https:\/\/www.mirita.fi\/wp-content\/uploads\/2024\/11\/Helsinki-autoilu-luonto-palvelut-Mirita-Saxberg.png\" data-object-fit=\"cover\" srcset=\"https:\/\/www.mirita.fi\/wp-content\/uploads\/2024\/11\/Helsinki-autoilu-luonto-palvelut-Mirita-Saxberg.png 566w, https:\/\/www.mirita.fi\/wp-content\/uploads\/2024\/11\/Helsinki-autoilu-luonto-palvelut-Mirita-Saxberg-300x159.png 300w, https:\/\/www.mirita.fi\/wp-content\/uploads\/2024\/11\/Helsinki-autoilu-luonto-palvelut-Mirita-Saxberg-230x122.png 230w, https:\/\/www.mirita.fi\/wp-content\/uploads\/2024\/11\/Helsinki-autoilu-luonto-palvelut-Mirita-Saxberg-350x186.png 350w, https:\/\/www.mirita.fi\/wp-content\/uploads\/2024\/11\/Helsinki-autoilu-luonto-palvelut-Mirita-Saxberg-480x254.png 480w\" sizes=\"(max-width: 566px) 100vw, 566px\" \/><div class=\"wp-block-cover__inner-container\">\n<p class=\"has-text-align-center has-white-color has-text-color has-large-font-size\">NATUR, TRAFIK OCH TJ\u00c4NSTER<\/p>\n<\/div><\/div>\n\n\n\n<blockquote class=\"wp-block-quote\">\n<p><em>&#8221;Det \u00e4r dags f\u00f6r en ansvarsfull f\u00f6r\u00e4ndring!&#8221;<\/em><\/p>\n<\/blockquote>\n\n\n\n<p>Vi m\u00e5ste respektera v\u00e5r n\u00e4rnatur och utveckla Helsingfors p\u00e5 ett h\u00e5llbart och genomt\u00e4nkt s\u00e4tt. Dagens politik ers\u00e4tter skogar med betong och bilv\u00e4gar med \u00f6verdimensionerade cykelbanor och r\u00e4ls. Trafiken m\u00e5ste fungera smidigt b\u00e5de i centrum och i f\u00f6rorterna \u2013 \u00e4ven f\u00f6r bilister.<\/p>\n\n\n\n<p>Helsingfors stadsplanering kan inte l\u00e4ngre styras av en ensidig gr\u00f6n ideologi. Vi m\u00e5ste ocks\u00e5 f\u00f6rb\u00e4ttra tillg\u00e5ngen till h\u00e4lsov\u00e5rd. Varje person ska f\u00e5 v\u00e5rd n\u00e4r behovet uppst\u00e5r. Som mamma ser jag v\u00e4lf\u00e4rd som en fungerande vardag.<\/p>\n\n\n\n<ul>\n<li><strong>V\u00e4rna n\u00e4rskogar och gr\u00f6nomr\u00e5den. <\/strong>Naturen \u00e4r Helsingfors styrka \u2013 den ska inte offras f\u00f6r ogenomt\u00e4nkta byggprojekt.<\/li>\n\n\n\n<li><strong>B\u00e4ttre busstrafik och smidigare biltrafik.<\/strong> \u00c4ven bilar m\u00e5ste kunna ta sig fram i Helsingfors. Vi beh\u00f6ver fler anslutningsparkeringar och snabbare v\u00e4gbyggen.<\/li>\n\n\n\n<li><strong>Alla ska f\u00e5 h\u00e4lsov\u00e5rd i tid. <\/strong>Servicesedlar ska anv\u00e4ndas mer f\u00f6r att s\u00e4kerst\u00e4lla att den offentliga v\u00e5rden fungerar lika effektivt som den privata.<\/li>\n\n\n\n<li><strong>St\u00f6dja utsl\u00e4ppsfri trafik och elbilsutveckling.<\/strong> Bostadsbolag m\u00e5ste f\u00e5 st\u00f6d f\u00f6r att installera laddstationer.<\/li>\n<\/ul>\n\n\n\n<h3>Jag \u00e4r tv\u00e5barnsmamma fr\u00e5n Deger\u00f6. Expert inom utbildning och n\u00e4ringsliv<\/h3>\n\n\n\n<p>Jag bor i Uppby med min 5-\u00e5riga son och 14-\u00e5riga dotter. <strong>Till min utbildning \u00e4r jag magister i f\u00f6rvaltningsvetenskap, MBA-tradenom (YH) med l\u00e4rarbeh\u00f6righet<\/strong>. Jag har varit f\u00f6retagare sedan 2006. Idag arbetar jag som utvecklingschef i en kommunikationsbyr\u00e5 med \u00f6ver 20 \u00e5rs erfarenhet fr\u00e5n b\u00e5de privat och offentlig sektor. Jag sitter i flera styrelser, inklusive <a href=\"https:\/\/uudenmaanliitto.fi\/\">Nylands f\u00f6rbund<\/a>, <a href=\"https:\/\/kaupunkitilat.fi\/\">Kaupunkitilat Oy<\/a>, <a href=\"https:\/\/cpmr.org\/\">CPMR Political Bureau<\/a> och <a href=\"https:\/\/www.yrittajat.fi\/paikallisyhdistykset\/ita-helsingin-yrittajat\/\">Helsingin Yritt\u00e4j\u00e4t<\/a>.<\/p>\n","protected":false},"excerpt":{"rendered":"<p>Jag tar ansvar f\u00f6r varje beslut jag fattar N\u00e4r du r\u00f6star p\u00e5 mig, r\u00f6star du f\u00f6r ansvarsfullt beslutsfattande. Jag \u00e4r stadsfullm\u00e4ktigeledamot f\u00f6r Samlingspartiet och medlem i fostrans- och utbildningsn\u00e4mnden, med tio \u00e5rs erfarenhet och \u00f6ver 5000 v\u00e4ljares f\u00f6rtroende. Resultat i stadsfullm\u00e4ktige har redan n\u00e5tts \u2013 och arbetet forts\u00e4tter F\u00f6r mig [&hellip;]<\/p>\n","protected":false},"author":1,"featured_media":3994,"comment_status":"closed","ping_status":"open","sticky":false,"template":"","format":"standard","meta":{"advgb_blocks_editor_width":"","advgb_blocks_columns_visual_guide":"","_mi_skip_tracking":false},"categories":[1],"tags":[],"author_meta":{"display_name":"Mirita Saxberg","author_link":"https:\/\/www.mirita.fi\/index.php\/author\/mirita\/"},"featured_img":"https:\/\/www.mirita.fi\/wp-content\/uploads\/2025\/03\/Mirita-Saxberg-Rosta-i-kommunalvalet-2025-\u2013-jag-ar-Samlingspartiets-kandidat-i-Helsingfors-300x169.png","coauthors":[],"tax_additional":{"categories":{"linked":["<a href=\"https:\/\/www.mirita.fi\/index.php\/category\/yleinen\/\" class=\"advgb-post-tax-term\">Yleinen<\/a>"],"unlinked":["<span class=\"advgb-post-tax-term\">Yleinen<\/span>"]}},"comment_count":"0","relative_dates":{"created":"Posted 1 vuosi ago","modified":"Updated 1 vuosi ago"},"absolute_dates":{"created":"Posted on 7.3.2025","modified":"Updated on 7.3.2025"},"absolute_dates_time":{"created":"Posted on 7.3.2025 22:10","modified":"Updated on 7.3.2025 22:10"},"featured_img_caption":"","series_order":"","_links":{"self":[{"href":"https:\/\/www.mirita.fi\/index.php\/wp-json\/wp\/v2\/posts\/3992"}],"collection":[{"href":"https:\/\/www.mirita.fi\/index.php\/wp-json\/wp\/v2\/posts"}],"about":[{"href":"https:\/\/www.mirita.fi\/index.php\/wp-json\/wp\/v2\/types\/post"}],"author":[{"embeddable":true,"href":"https:\/\/www.mirita.fi\/index.php\/wp-json\/wp\/v2\/users\/1"}],"replies":[{"embeddable":true,"href":"https:\/\/www.mirita.fi\/index.php\/wp-json\/wp\/v2\/comments?post=3992"}],"version-history":[{"count":3,"href":"https:\/\/www.mirita.fi\/index.php\/wp-json\/wp\/v2\/posts\/3992\/revisions"}],"predecessor-version":[{"id":3996,"href":"https:\/\/www.mirita.fi\/index.php\/wp-json\/wp\/v2\/posts\/3992\/revisions\/3996"}],"wp:featuredmedia":[{"embeddable":true,"href":"https:\/\/www.mirita.fi\/index.php\/wp-json\/wp\/v2\/media\/3994"}],"wp:attachment":[{"href":"https:\/\/www.mirita.fi\/index.php\/wp-json\/wp\/v2\/media?parent=3992"}],"wp:term":[{"taxonomy":"category","embeddable":true,"href":"https:\/\/www.mirita.fi\/index.php\/wp-json\/wp\/v2\/categories?post=3992"},{"taxonomy":"post_tag","embeddable":true,"href":"https:\/\/www.mirita.fi\/index.php\/wp-json\/wp\/v2\/tags?post=3992"}],"curies":[{"name":"wp","href":"https:\/\/api.w.org\/{rel}","templated":true}]}}